[{"@context":"https:\/\/schema.org\/","@type":"Article","@id":"https:\/\/www.powerit.cz\/zamecka-dovolena\/#Article","mainEntityOfPage":"https:\/\/www.powerit.cz\/zamecka-dovolena\/","headline":"Z\u00e1meck\u00e1 dovolen\u00e1","name":"Z\u00e1meck\u00e1 dovolen\u00e1","description":"Ludv\u00edk II. Bavorsk\u00fd jako d\u00edt\u011b vyr\u016fstal na z\u00e1mku Hohenschwangau. Z jeho komnaty m\u011bl v\u00fdhled na vrchol, na kter\u00e9m st\u00e1la z\u0159\u00edcenina st\u0159edov\u011bk\u00e9ho hradu, kter\u00fd tu byl v dob\u011b, kdy m\u00edstem proch\u00e1zela obchodn\u00ed soln\u00e1 stezka. Snil a fantaz\u00edroval, jak asi hrad ve sv\u00e9 dob\u011b vypadal, jak\u00e9 m\u011bl komnaty a kdo na n\u011bm pob\u00fdval. V dosp\u011blosti na tomto [&hellip;]","datePublished":"2019-09-06","dateModified":"2023-05-24","author":{"@type":"Person","@id":"https:\/\/www.powerit.cz\/author\/#Person","name":"","url":"https:\/\/www.powerit.cz\/author\/","identifier":1,"image":{"@type":"ImageObject","@id":"https:\/\/secure.gravatar.com\/avatar\/163f6c65c8acab43fa062eaf19866aeb6d6c2adc4d5c2462700a89e6feec77a0?s=96&d=mm&r=g","url":"https:\/\/secure.gravatar.com\/avatar\/163f6c65c8acab43fa062eaf19866aeb6d6c2adc4d5c2462700a89e6feec77a0?s=96&d=mm&r=g","height":96,"width":96}},"publisher":{"@type":"Organization","name":"powerit.cz","logo":{"@type":"ImageObject","@id":"\/logo.png","url":"\/logo.png","width":600,"height":60}},"image":{"@type":"ImageObject","@id":"https:\/\/www.powerit.cz\/wp-content\/uploads\/img_a349889_w2449_t1564862186.jpg","url":"https:\/\/www.powerit.cz\/wp-content\/uploads\/img_a349889_w2449_t1564862186.jpg","height":0,"width":0},"url":"https:\/\/www.powerit.cz\/zamecka-dovolena\/","about":["Dovolen\u00e1"],"wordCount":593,"articleBody":"Ludv\u00edk II. Bavorsk\u00fd jako d\u00edt\u011b vyr\u016fstal na z\u00e1mku Hohenschwangau. Z jeho komnaty m\u011bl v\u00fdhled na vrchol, na kter\u00e9m st\u00e1la z\u0159\u00edcenina st\u0159edov\u011bk\u00e9ho hradu, kter\u00fd tu byl v dob\u011b, kdy m\u00edstem proch\u00e1zela obchodn\u00ed soln\u00e1 stezka. Snil a fantaz\u00edroval, jak asi hrad ve sv\u00e9 dob\u011b vypadal, jak\u00e9 m\u011bl komnaty a kdo na n\u011bm pob\u00fdval. V dosp\u011blosti na tomto m\u00edst\u011b nechal vystav\u011bt z\u00e1mek Neuschwanstein. Velkolep\u00fd z\u00e1mek, kter\u00fd se stal i p\u0159edlohou z\u00e1mku Walta Disneyho a jeho \u0160\u00edpkov\u00e9 R\u016f\u017eenky, je\u017e m\u016f\u017eete spat\u0159it v Disneylandu.&#13; Na z\u00e1mek se dostanete cestou do kopce asi 2 km dlouhou. Kolem z\u00e1mku je proch\u00e1zka na most, ze kter\u00e9ho jsou ty nejzn\u00e1m\u011bj\u0161\u00ed fotografie z\u00e1mku. Tento pohled stoj\u00ed ur\u010dit\u011b za to. Nebo se m\u016f\u017eete stezkou j\u00edt proj\u00edt k vodop\u00e1dku, kter\u00fd je pod mostem. Odsud v\u0161ak moc dob\u0159e neuvid\u00edte na z\u00e1mek. V rann\u00edch hodin\u00e1ch ud\u011bl\u00e1te n\u00e1dhern\u00e9 sn\u00edmky bez turist\u016f.&#13; Interi\u00e9ry z\u00e1mku jsou zn\u00e1mkou p\u0159epychu a luxusu. \u00dachvatn\u00e1 je nap\u0159\u00edklad Ludv\u00edkova lo\u017enice v kr\u00e1lovsk\u00e9 mod\u0159i a s vy\u0159ez\u00e1vanou postel\u00ed a oblo\u017een\u00edm. V z\u00e1mku nechal Ludv\u00edk vybudovat i jeskyni, co\u017e je rarita, kter\u00e1 nem\u00e1 obdoby. Zimn\u00ed zahrada s p\u0159en\u00e1dhern\u00fdm v\u00fdhledem v\u00e1s uchv\u00e1t\u00ed. Celkov\u011b z\u00e1mek Neuschwanstein nab\u00edz\u00ed \u00fachvatn\u00e9 v\u00fdhledy do okol\u00ed, kter\u00e9 v\u00e1s ohrom\u00ed. V\u00fdzdoba v\u0161ech m\u00edstnost\u00ed je kombinac\u00ed r\u016fzn\u00fdch styl\u016f. V\u0161e je propracovan\u00e9 do detailu. Zaj\u00edmavost\u00ed je, \u017ee v z\u00e1mku je zavedena elekt\u0159ina, stupa\u010dky i intern\u00ed telefon.&#13; Necelou hodinu cesty od z\u00e1mku Neuschwanstein le\u017e\u00ed z\u00e1mek Linderhof, kter\u00fd je naprosto odli\u0161n\u00fd a v\u016fbec byste neh\u00e1dali, \u017ee jej nechal vystav\u011bt ten stejn\u00fd panovn\u00edk. Z\u00e1mek Linderhof obklopuj\u00ed zahrady v anglick\u00e9m i francouzsk\u00e9m stylu. Font\u00e1na se zlat\u00fdmi sochami, kter\u00e1 ka\u017edou celou hodinu trysk\u00e1 do v\u00fd\u0161e 60 m. V rozs\u00e1hl\u00fdch zahrad\u00e1ch jsou r\u016fzn\u011b rozm\u00edst\u011bny i dal\u0161\u00ed objekty jako je zahradn\u00edkovo obydl\u00ed, maorsk\u00fd st\u00e1nek, marock\u00fd pavilon \u010di hundingsk\u00e1 ch\u00fd\u0161e v germ\u00e1nsk\u00e9m styl. Tato stoj\u00ed ur\u010dit\u011b tak\u00e9 za n\u00e1v\u0161t\u011bvu, roste zde strom uprost\u0159ed m\u00edstnosti. V are\u00e1lu je i loveck\u00e1 chata, kter\u00e1 p\u016fvodn\u011b st\u00e1la na m\u00edst\u011b z\u00e1mku, ale Ludv\u00edk ji nechal rozebrat a p\u0159em\u00edstit na m\u00edsto, kde stoj\u00ed dnes.&#13; Pokud v\u00e1s z\u00e1mek Neuschwanstein uchv\u00e1til a j\u00e1 v\u011b\u0159\u00edm, \u017ee ano. U z\u00e1mku Linderhof budete om\u00e1meni \u00fa\u017easem. Interi\u00e9ry z\u00e1mku jsou je\u0161t\u011b p\u0159epychov\u011bj\u0161\u00ed. Na jeho v\u00fdstavbu bylo pou\u017eito p\u0159es 7 kg zlata a a\u017e jej nav\u0161t\u00edv\u00edte bude V\u00e1m to jasn\u00e9. Nejv\u011bt\u0161\u00ed m\u00edstnost\u00ed z\u00e1mku je Ludv\u00edkova lo\u017enice, kter\u00e1 je op\u011bt kombinac\u00ed jeho obl\u00edben\u00e9 barvy \u2013 kr\u00e1lovsk\u00e9 mod\u0159i a zlata. V\u00fdstavba tohoto z\u00e1mku st\u00e1la p\u0159es 8 milion\u016f marek.&#13; Ludv\u00edk II. Bavorsk\u00fd byl ve \u010dty\u0159iceti letech prohl\u00e1\u0161en za \u0161\u00edlen\u00e9ho a odveden ze z\u00e1mku na l\u00e9\u010den\u00ed. P\u00e1r dn\u00ed potom, co byl p\u0159ijat do l\u00e9\u010den\u00ed i zem\u0159el za nevyjasn\u011bn\u00fdch okolnost\u00ed. Jeho t\u011blo bylo spole\u010dn\u011b s t\u011blem l\u00e9ka\u0159e, kter\u00fd jej doprov\u00e1zel nalezeno v jezeru.                                                                                                                                                                                                                                                                                                                                                                                        4\/5 - (10 votes)        "},{"@context":"https:\/\/schema.org\/","@type":"BreadcrumbList","itemListElement":[{"@type":"ListItem","position":1,"name":"Z\u00e1meck\u00e1 dovolen\u00e1","item":"https:\/\/www.powerit.cz\/zamecka-dovolena\/#breadcrumbitem"}]}]