[{"@context":"https:\/\/schema.org\/","@type":"Article","@id":"https:\/\/www.powerit.cz\/plavecka-sezona-je-za-rohem\/#Article","mainEntityOfPage":"https:\/\/www.powerit.cz\/plavecka-sezona-je-za-rohem\/","headline":"Plaveck\u00e1 sez\u00f3na je za rohem","name":"Plaveck\u00e1 sez\u00f3na je za rohem","description":"Pomalu ale jist\u011b se prodlu\u017euje den a za\u010d\u00ednaj\u00ed prvn\u00ed jarn\u00ed paprsky. V\u0161ude je pozitivn\u00ed energie a mnoho lid\u00ed u\u017e se t\u011b\u0161\u00ed, a\u017e si ud\u011bl\u00e1 prvn\u00ed k\u00e1vu na terase. Toto po\u010das\u00ed l\u00e1k\u00e1 nejen na terasu, ale i do venkovn\u00edch aktivit. A\u010dkoliv se to nezd\u00e1, tak lid\u00e9 p\u0159i prvn\u00edm oteplen\u00ed ihned vyhled\u00e1vaj\u00ed proch\u00e1zky, za\u010dnou jezdit na kole [&hellip;]","datePublished":"2025-02-14","dateModified":"2025-02-14","author":{"@type":"Person","@id":"https:\/\/www.powerit.cz\/author\/#Person","name":"","url":"https:\/\/www.powerit.cz\/author\/","identifier":1,"image":{"@type":"ImageObject","@id":"https:\/\/secure.gravatar.com\/avatar\/163f6c65c8acab43fa062eaf19866aeb6d6c2adc4d5c2462700a89e6feec77a0?s=96&d=mm&r=g","url":"https:\/\/secure.gravatar.com\/avatar\/163f6c65c8acab43fa062eaf19866aeb6d6c2adc4d5c2462700a89e6feec77a0?s=96&d=mm&r=g","height":96,"width":96}},"publisher":{"@type":"Organization","name":"powerit.cz","logo":{"@type":"ImageObject","@id":"\/logo.png","url":"\/logo.png","width":600,"height":60}},"image":{"@type":"ImageObject","@id":"https:\/\/www.powerit.cz\/wp-content\/uploads\/chateau-7391025_640_1.jpg","url":"https:\/\/www.powerit.cz\/wp-content\/uploads\/chateau-7391025_640_1.jpg","height":0,"width":0},"url":"https:\/\/www.powerit.cz\/plavecka-sezona-je-za-rohem\/","about":["Zbo\u017e\u00ed"],"wordCount":440,"articleBody":"       Pomalu ale jist\u011b se prodlu\u017euje den a za\u010d\u00ednaj\u00ed prvn\u00ed jarn\u00ed paprsky. V\u0161ude je pozitivn\u00ed energie a mnoho lid\u00ed u\u017e se t\u011b\u0161\u00ed, a\u017e si ud\u011bl\u00e1 prvn\u00ed k\u00e1vu na terase. Toto po\u010das\u00ed l\u00e1k\u00e1 nejen na terasu, ale i do venkovn\u00edch aktivit. A\u010dkoliv se to nezd\u00e1, tak lid\u00e9 p\u0159i prvn\u00edm oteplen\u00ed ihned vyhled\u00e1vaj\u00ed proch\u00e1zky, za\u010dnou jezdit na kole a tak\u00e9 pomalu ale jist\u011b za\u010d\u00ednaj\u00ed vys\u00e9vat prvn\u00ed sem\u00ednka zeleniny. Pokud i v\u00e1s vyt\u00e1hly tyto jarn\u00ed paprsky na zahradu, tak nen\u00ed od v\u011bci se pod\u00edvat na baz\u00e9n a na jeho p\u0159\u00edslu\u0161enstv\u00ed. Pokud jste toti\u017e milovn\u00edkem vodn\u00edch radov\u00e1nek a va\u0161e d\u011bti taky, tak je pot\u0159eba m\u00edt v\u0161e nachystan\u00e9, ne\u017e se za\u010dne baz\u00e9n napou\u0161t\u011bt. Je pot\u0159ena zkontrolovat, zda nen\u00ed praskl\u00e1 hadice k baz\u00e9nov\u00e9 filtraci, zda m\u00e1te chemik\u00e1lie do baz\u00e9nu a zda i baz\u00e9nov\u00fd vysava\u010d funguje tak jak m\u00e1. A\u010dkoliv se to nezd\u00e1, tak je dobr\u00e9 v\u0161e zkontrolovat dop\u0159edu, a\u0165 pak nejste p\u0159ekvapen\u00ed a nel\u00edt\u00e1te po v\u0161ech \u010dertech. Ka\u017ed\u00fd, kdo m\u00e1 zahradu a men\u0161\u00ed d\u011bti, tak ur\u010dit\u011b v\u00ed, jak je baz\u00e9n d\u016fle\u017eit\u00fd. Nejen, \u017ee v\u00e1s otravuj\u00ed d\u011bti hned p\u0159i prvn\u00edch paprsc\u00edch, ale tak\u00e9 slou\u017e\u00ed jako m\u00edsto, kde si d\u011bti hraj\u00ed a tr\u00e1v\u00ed p\u0159ev\u00e1\u017enou \u010d\u00e1st dne. Baz\u00e9n je tedy pot\u0159eba po\u0159\u00e1dn\u011b vy\u010distit, prot\u00e1hnout hadice vodou, zda nen\u00ed praskl\u00e1. Zkontrolovat s\u00ed\u0165 na hmyz, slune\u010dn\u00ed f\u00f3lii a tak\u00e9 se p\u0159esv\u011bd\u010dit, zda neprot\u00e9k\u00e1 baz\u00e9n samotn\u00fd. To se m\u016f\u017ee st\u00e1t v p\u0159\u00edpad\u011b, \u017ee nech\u00e1te v baz\u00e9n\u011b vodu, kter\u00e1 p\u0159es zimu zamrzne a t\u00edm baz\u00e9n poprask\u00e1. Pokud jste v\u0161e zkontrolovali a v\u0161e je v po\u0159\u00e1dku, tak se m\u016f\u017eete t\u011b\u0161it na prvn\u00ed letn\u00ed teploty, kdy za\u010dnete baz\u00e9n napou\u0161t\u011bt. Pokud baz\u00e9n na va\u0161\u00ed zahrad\u011b nem\u00e1te, tak je nejvy\u0161\u0161\u00ed \u010das za\u010d\u00edt p\u0159em\u00fd\u0161let o jeho koupi. Ur\u010dit\u011b s v\u00e1mi budou souhlasit i va\u0161e d\u011bti, kter\u00e9 v\u00e1s u\u017e n\u011bjak\u00fd rok p\u0159emlouvaj\u00ed. Samoz\u0159ejmost\u00ed je, \u017ee se jedn\u00e1 o investici, kter\u00e1 se v\u00e1m asi nikdy nevr\u00e1t\u00ed, ale vid\u011bt \u00fasm\u011bv va\u0161ich d\u011bt\u00ed je prost\u011b k nezaplacen\u00ed. Nav\u00edc je velk\u00fdm plusem to, \u017ee si budou hr\u00e1t na zahrad\u011b, kde na n\u011b budete m\u00edt dohled.                                                                                                                                                                                                                                                                                                                                                                                          3.4\/5 - (7 votes)        "},{"@context":"https:\/\/schema.org\/","@type":"BreadcrumbList","itemListElement":[{"@type":"ListItem","position":1,"name":"Plaveck\u00e1 sez\u00f3na je za rohem","item":"https:\/\/www.powerit.cz\/plavecka-sezona-je-za-rohem\/#breadcrumbitem"}]}]