[{"@context":"https:\/\/schema.org\/","@type":"Article","@id":"https:\/\/www.powerit.cz\/na-zimni-dovolenou-nepodcente-vyber-obleceni\/#Article","mainEntityOfPage":"https:\/\/www.powerit.cz\/na-zimni-dovolenou-nepodcente-vyber-obleceni\/","headline":"Na zimn\u00ed dovolenou nepodce\u0148te v\u00fdb\u011br oble\u010den\u00ed","name":"Na zimn\u00ed dovolenou nepodce\u0148te v\u00fdb\u011br oble\u010den\u00ed","description":"R\u00e1di tr\u00e1v\u00edte zimn\u00ed dovolenou na hor\u00e1ch? Nen\u00ed nic kr\u00e1sn\u011bj\u0161\u00edho ne\u017e zasn\u011b\u017een\u00e9 kopce, zamrzl\u00e9 rybn\u00edky a t\u0159pytiv\u00e1 pokr\u00fdvka b\u00edl\u00e9ho sn\u011bhu pod nohami. Na hor\u00e1ch nejrad\u011bji tr\u00e1v\u00edme \u010das ly\u017eov\u00e1n\u00edm, a\u0165 u\u017e sjezdov\u00fdm nebo b\u011b\u017eeck\u00fdm ly\u017eov\u00e1n\u00edm. Nav\u00edc i pro d\u011bti jsou zimn\u00ed sporty velmi obl\u00edben\u00e9. Krom\u011b ly\u017eov\u00e1n\u00ed tak\u00e9 d\u011bti r\u00e1dy brusl\u00ed a p\u0159edev\u0161\u00edm sj\u00ed\u017ed\u011bj\u00ed kopce na s\u00e1\u0148k\u00e1ch a [&hellip;]","datePublished":"2022-05-13","dateModified":"2023-05-24","author":{"@type":"Person","@id":"https:\/\/www.powerit.cz\/author\/#Person","name":"","url":"https:\/\/www.powerit.cz\/author\/","identifier":1,"image":{"@type":"ImageObject","@id":"https:\/\/secure.gravatar.com\/avatar\/163f6c65c8acab43fa062eaf19866aeb6d6c2adc4d5c2462700a89e6feec77a0?s=96&d=mm&r=g","url":"https:\/\/secure.gravatar.com\/avatar\/163f6c65c8acab43fa062eaf19866aeb6d6c2adc4d5c2462700a89e6feec77a0?s=96&d=mm&r=g","height":96,"width":96}},"publisher":{"@type":"Organization","name":"powerit.cz","logo":{"@type":"ImageObject","@id":"\/logo.png","url":"\/logo.png","width":600,"height":60}},"image":{"@type":"ImageObject","@id":"https:\/\/www.powerit.cz\/wp-content\/uploads\/austria-3872968_640.jpg","url":"https:\/\/www.powerit.cz\/wp-content\/uploads\/austria-3872968_640.jpg","height":0,"width":0},"url":"https:\/\/www.powerit.cz\/na-zimni-dovolenou-nepodcente-vyber-obleceni\/","about":["Zbo\u017e\u00ed"],"wordCount":424,"articleBody":"   R\u00e1di tr\u00e1v\u00edte zimn\u00ed dovolenou na hor\u00e1ch? Nen\u00ed nic kr\u00e1sn\u011bj\u0161\u00edho ne\u017e zasn\u011b\u017een\u00e9 kopce, zamrzl\u00e9 rybn\u00edky a t\u0159pytiv\u00e1 pokr\u00fdvka b\u00edl\u00e9ho sn\u011bhu pod nohami. Na hor\u00e1ch nejrad\u011bji tr\u00e1v\u00edme \u010das ly\u017eov\u00e1n\u00edm, a\u0165 u\u017e sjezdov\u00fdm nebo b\u011b\u017eeck\u00fdm ly\u017eov\u00e1n\u00edm. Nav\u00edc i pro d\u011bti jsou zimn\u00ed sporty velmi obl\u00edben\u00e9. Krom\u011b ly\u017eov\u00e1n\u00ed tak\u00e9 d\u011bti r\u00e1dy brusl\u00ed a p\u0159edev\u0161\u00edm sj\u00ed\u017ed\u011bj\u00ed kopce na s\u00e1\u0148k\u00e1ch a bobech. Proto\u017ee v zim\u011b b\u00fdv\u00e1 dost \u010dasto sychrav\u00e9 po\u010das\u00ed se sn\u011bhov\u00fdmi p\u0159eh\u00e1\u0148kami, je t\u0159eba db\u00e1t na v\u00fdb\u011br tepl\u00e9ho a funk\u010dn\u00edho oble\u010den\u00ed.Pro sebe i d\u011bti je z\u00e1kladem nepromokav\u00e1 bunda a kalhoty. V obchodech se sportovn\u00edm oble\u010den\u00edm najdete hned n\u011bkolik typ\u016f ly\u017ea\u0159sk\u00fdch bund a ly\u017ea\u0159sk\u00fdch kalhot. Bundu i kalhoty vyb\u00edrejte nejen podle vzhledu a velikosti, ale tak\u00e9 se zam\u011b\u0159te na jej\u00ed funk\u010dn\u00ed prvky. Ka\u017ed\u00e1 bunda i kalhoty jsou ozna\u010dena velikost\u00ed vodn\u00edho sloupce. \u010c\u00edm vy\u0161\u0161\u00ed \u010d\u00edslo je, t\u00edm v\u011bt\u0161\u00ed nepromokavost od\u011bv zaji\u0161\u0165uje. Do klasick\u00fdch horsk\u00fdch podm\u00ednek si vysta\u010d\u00edte s minim\u00e1ln\u00edm vodn\u00edm sloupcem 5000 mm. Pro men\u0161\u00ed d\u011bti m\u00edsto bundy a kalhoty po\u0159i\u010fte rad\u011bji kombin\u00e9zu. Ta je skv\u011bl\u00e1 v tom, \u017ee d\u011btem se nevyhrnuj\u00ed z\u00e1da, tak\u017ee z\u016fstanou p\u0159i zimn\u00edch hr\u00e1tk\u00e1ch v teple a suchu. Skv\u011bl\u00e9 zimn\u00ed kombin\u00e9zy vyr\u00e1b\u00ed i zna\u010dka Didriksons 1913 C-store.cz. Kombin\u00e9za je vybavena odn\u00edmatelnou kapuc\u00ed a je zateplena dut\u00fdm vl\u00e1knem. Velikost ruk\u00e1v\u016f, nohavic a velikost v pase si snadno uprav\u00edte. Kombin\u00e9za tak\u00e9 obsahuje reflexn\u00ed prvky, kter\u00e9 se na svahu mohou hodit. A nejlep\u0161\u00ed na tom je, \u017ee m\u00e1 kombin\u00e9za prodlu\u017eovac\u00ed ruk\u00e1vy a nohavice, tak\u017ee d\u00edt\u011bti vydr\u017e\u00ed i dv\u011b sez\u00f3ny. Velikost vodn\u00edho sloupce je 10 000 mm. I spodn\u00ed vrstvy jsou d\u016fle\u017eit\u00e9. Do hor si p\u0159ibalte kvalitn\u00ed termopr\u00e1dlo, kter\u00e9 v\u00e1s udr\u017e\u00ed v suchu a v teple. Vybrat m\u016f\u017eete t\u0159eba to, kter\u00e9 je vyroben\u00e9 z merino vlny. Vln\u011bnou m\u016f\u017eete m\u00edt i mikinu nebo \u010depici. Pro proch\u00e1zky pak volte teplou zimn\u00ed obuv a tepl\u00e9 nepromokav\u00e9 rukavice. Ty se budou hodit zvl\u00e1\u0161t\u011b d\u011btem.                                                                                                                                                                                                                                                                                                                                                                                          4\/5 - (11 votes)        "},{"@context":"https:\/\/schema.org\/","@type":"BreadcrumbList","itemListElement":[{"@type":"ListItem","position":1,"name":"Na zimn\u00ed dovolenou nepodce\u0148te v\u00fdb\u011br oble\u010den\u00ed","item":"https:\/\/www.powerit.cz\/na-zimni-dovolenou-nepodcente-vyber-obleceni\/#breadcrumbitem"}]}]