[{"@context":"https:\/\/schema.org\/","@type":"Article","@id":"https:\/\/www.powerit.cz\/komplexni-reseni-vaseho-bytu\/#Article","mainEntityOfPage":"https:\/\/www.powerit.cz\/komplexni-reseni-vaseho-bytu\/","headline":"Komplexn\u00ed \u0159e\u0161en\u00ed Va\u0161eho bytu","name":"Komplexn\u00ed \u0159e\u0161en\u00ed Va\u0161eho bytu","description":"P\u0159est\u011bhovali jste se nov\u00e9ho bytu, nebo chcete rekonstruovat ten st\u00e1vaj\u00edc\u00ed? Chcete m\u00edt v\u0161echny pokoje za\u0159\u00edzen\u00e9 skute\u010dn\u011b na \u00farovni a od profesion\u00e1l\u016f? Potom jsme zde my a na\u0161e zaveden\u00e9 studio, abychom V\u00e1m nab\u00eddli na\u0161e slu\u017eby v oblasti n\u00e1vrh\u016f interi\u00e9r\u016f, za\u0159izov\u00e1n\u00ed byt\u016f, pokoj\u016f a kuchyn\u00ed. D\u011btsk\u00e9 i ob\u00fdvac\u00ed pokoje N\u00e1vrhy interi\u00e9r\u016f nejsou pro n\u00e1s ni\u010d\u00edm nezn\u00e1m\u00fdm, v\u011bnujeme [&hellip;]","datePublished":"2024-12-27","dateModified":"2024-12-27","author":{"@type":"Person","@id":"https:\/\/www.powerit.cz\/author\/#Person","name":"","url":"https:\/\/www.powerit.cz\/author\/","identifier":1,"image":{"@type":"ImageObject","@id":"https:\/\/secure.gravatar.com\/avatar\/163f6c65c8acab43fa062eaf19866aeb6d6c2adc4d5c2462700a89e6feec77a0?s=96&d=mm&r=g","url":"https:\/\/secure.gravatar.com\/avatar\/163f6c65c8acab43fa062eaf19866aeb6d6c2adc4d5c2462700a89e6feec77a0?s=96&d=mm&r=g","height":96,"width":96}},"publisher":{"@type":"Organization","name":"powerit.cz","logo":{"@type":"ImageObject","@id":"\/logo.png","url":"\/logo.png","width":600,"height":60}},"url":"https:\/\/www.powerit.cz\/komplexni-reseni-vaseho-bytu\/","wordCount":186,"articleBody":"P\u0159est\u011bhovali jste se nov\u00e9ho bytu, nebo chcete rekonstruovat ten st\u00e1vaj\u00edc\u00ed? Chcete m\u00edt v\u0161echny pokoje za\u0159\u00edzen\u00e9 skute\u010dn\u011b na \u00farovni a od profesion\u00e1l\u016f? Potom jsme zde my a na\u0161e zaveden\u00e9 studio, abychom V\u00e1m nab\u00eddli na\u0161e slu\u017eby v oblasti n\u00e1vrh\u016f interi\u00e9r\u016f, za\u0159izov\u00e1n\u00ed byt\u016f, pokoj\u016f a kuchyn\u00ed.D\u011btsk\u00e9 i ob\u00fdvac\u00ed pokojeN\u00e1vrhy interi\u00e9r\u016f nejsou pro n\u00e1s ni\u010d\u00edm nezn\u00e1m\u00fdm, v\u011bnujeme se jim ji\u017e mnoho let, av\u0161ak p\u0159itom neust\u00e1le sledujeme trendy, kter\u00e9 se v bydlen\u00ed a designu nep\u0159etr\u017eit\u011b m\u011bn\u00ed. D\u00edky tomu dr\u017e\u00edme krok s dobou i konkurenc\u00ed. Za\u0159\u00edd\u00edme V\u00e1m jak jednotliv\u00e9 pokoje, nap\u0159\u00edklad d\u011btsk\u00fd nebo ob\u00fdvac\u00ed, tak i t\u0159eba Va\u0161i kuchy\u0148. V r\u00e1mci na\u0161ich slu\u017eeb pro V\u00e1s p\u0159iprav\u00edme vizualizaci cel\u00e9ho projektu, za\u0159\u00edd\u00edme p\u0159\u00edpadnou pot\u0159ebnou rekonstrukci a doporu\u010d\u00edme ten nejvhodn\u011bj\u0161\u00ed typ n\u00e1bytku nebo kuchy\u0148sk\u00fdch linek od \u0161pi\u010dkov\u00fdch v\u00fdrobc\u016f.                                                                                                                                                                                                                                                                                                                                                                                        3.5\/5 - (4 votes)        "},{"@context":"https:\/\/schema.org\/","@type":"BreadcrumbList","itemListElement":[{"@type":"ListItem","position":1,"name":"Komplexn\u00ed \u0159e\u0161en\u00ed Va\u0161eho bytu","item":"https:\/\/www.powerit.cz\/komplexni-reseni-vaseho-bytu\/#breadcrumbitem"}]}]