[{"@context":"https:\/\/schema.org\/","@type":"Article","@id":"https:\/\/www.powerit.cz\/kdyz-chteji-deti-k-prarodicum\/#Article","mainEntityOfPage":"https:\/\/www.powerit.cz\/kdyz-chteji-deti-k-prarodicum\/","headline":"Kdy\u017e cht\u011bj\u00ed d\u011bti k prarodi\u010d\u016fm","name":"Kdy\u017e cht\u011bj\u00ed d\u011bti k prarodi\u010d\u016fm","description":"Pokud cht\u011bj\u00ed va\u0161e d\u011bti na v\u00edkend ke sv\u00fdm prarodi\u010d\u016fm a va\u0161im rodi\u010d\u016fm by nevadilo, pokud by u\u00a0nich d\u011bti z\u016fstaly, m\u011bli byste si promyslet, zda byste je alespo\u0148 p\u0159es noc u babi\u010dky a d\u011bdy nechali. Je mo\u017en\u00e9, \u017ee se va\u0161im d\u011btem dokonce nebude cht\u00edt ani dom\u016f a budou moc r\u00e1dy, pokud budou moct jezdit i v\u00edce [&hellip;]","datePublished":"2021-09-22","dateModified":"2023-05-24","author":{"@type":"Person","@id":"https:\/\/www.powerit.cz\/author\/#Person","name":"","url":"https:\/\/www.powerit.cz\/author\/","identifier":1,"image":{"@type":"ImageObject","@id":"https:\/\/secure.gravatar.com\/avatar\/163f6c65c8acab43fa062eaf19866aeb6d6c2adc4d5c2462700a89e6feec77a0?s=96&d=mm&r=g","url":"https:\/\/secure.gravatar.com\/avatar\/163f6c65c8acab43fa062eaf19866aeb6d6c2adc4d5c2462700a89e6feec77a0?s=96&d=mm&r=g","height":96,"width":96}},"publisher":{"@type":"Organization","name":"powerit.cz","logo":{"@type":"ImageObject","@id":"\/logo.png","url":"\/logo.png","width":600,"height":60}},"image":{"@type":"ImageObject","@id":"https:\/\/www.powerit.cz\/wp-content\/uploads\/p%C3%A1n.png","url":"https:\/\/www.powerit.cz\/wp-content\/uploads\/p%C3%A1n.png","height":0,"width":0},"url":"https:\/\/www.powerit.cz\/kdyz-chteji-deti-k-prarodicum\/","about":["D\u011bti"],"wordCount":444,"articleBody":"Pokud cht\u011bj\u00ed va\u0161e d\u011bti na v\u00edkend ke sv\u00fdm prarodi\u010d\u016fm a va\u0161im rodi\u010d\u016fm by nevadilo, pokud by u\u00a0nich d\u011bti z\u016fstaly, m\u011bli byste si promyslet, zda byste je alespo\u0148 p\u0159es noc u babi\u010dky a d\u011bdy nechali. Je mo\u017en\u00e9, \u017ee se va\u0161im d\u011btem dokonce nebude cht\u00edt ani dom\u016f a budou moc r\u00e1dy, pokud budou moct jezdit i v\u00edce ne\u017e na jednu noc ke sv\u00fdm prarodi\u010d\u016fm a to pravideln\u011b.Pokud to nav\u00edc nebude prarodi\u010d\u016fm vadit, d\u011bti z\u00a0n\u011b\u010deho takov\u00e9ho budou m\u00edt jist\u011b velkou radost. Mo\u017en\u00e1, \u017ee i vy jste jako d\u011bti jezd\u00edvali ke sv\u00fdm prarodi\u010d\u016fm na v\u00edkendy a velmi jste se na n\u011bco takov\u00e9ho t\u011b\u0161ili, proto\u017ee jste se u nich nap\u0159\u00edklad c\u00edtili l\u00e9pe, ne\u017e doma. Mo\u017en\u00e1, \u017ee pokud jste v\u011bd\u011bli, \u017ee zrovna tento v\u00edkend nebude moct k\u00a0prarodi\u010d\u016fm jet, byli jste z\u00a0toho velmi smutn\u00ed a odpo\u010d\u00edt\u00e1vali jste dny a minuty do doby, ne\u017e k\u00a0nim zase budete moct jet. Je opravdu mnoho lid\u00ed, kte\u0159\u00ed to jako mal\u00ed takhle m\u011bli. Je ale pravda, \u017ee tehdy to byla jin\u00e1 doba. I dnes se ale najdou d\u011bti, kter\u00e9 rodi\u010de pos\u00edlaj\u00ed na v\u00edkend k\u00a0prarodi\u010d\u016fm, ale je jich jen velmi m\u00e1lo.Jestli\u017ee by va\u0161e d\u00edt\u011b projevilo z\u00e1jem z\u016fstat na v\u00edkend u prarodi\u010d\u016f, domluvte se s\u00a0nimi, zda by k\u00a0tomu mohlo doj\u00edt. Je mo\u017en\u00e9, \u017ee va\u0161e d\u00edt\u011b za\u010dne pravideln\u011b tr\u00e1vit v\u00edkendy tak, \u017ee jednou bude u rodi\u010d\u016f maminky, druh\u00fd v\u00edkend u rodi\u010d\u016f otce a t\u0159et\u00ed v\u00edkend doma. I n\u011bco takov\u00e9ho se nab\u00edz\u00ed, ale je pot\u0159eba, aby s\u00a0t\u00edm v\u0161ichni souhlasili, proto\u017ee bez toho to nep\u016fjde.Pokud budou prarodi\u010de souhlasit, ale vy budete m\u00edt pocit, \u017ee to \u0159\u00edkaj\u00ed jen tak, d\u00edt\u011b tam rad\u011bji nenech\u00e1vejte, aby se nap\u0159\u00edklad nestalo, \u017ee by d\u00edt\u011bti n\u011bco chyb\u011blo, nebylo mu n\u011bco, co je d\u016fle\u017eit\u00e9, poskytnuto nebo dan\u00ed lid\u00e9 nebyli na\u0161tvan\u00ed, \u017ee u nich va\u0161e d\u00edt\u011b z\u016fstalo, i kdy\u017e jsou prarodi\u010de dan\u00e9ho d\u00edt\u011bte.\u00a0Lid\u00e9 jsou dnes r\u016fzn\u00ed a jsou tac\u00ed, kte\u0159\u00ed ocen\u00ed, pokud u nich m\u016f\u017ee vnou\u010de z\u016fstat. Jsou ale i tac\u00ed, kte\u0159\u00ed n\u011bco takov\u00e9ho neocen\u00ed, co\u017e je velmi smutn\u00e9, ale bohu\u017eel v\u00a0dne\u0161n\u00ed dob\u011b velmi \u010dast\u00e9.                                                                                                                                                                                                                                                                                                                                                                                        4.4\/5 - (13 votes)        "},{"@context":"https:\/\/schema.org\/","@type":"BreadcrumbList","itemListElement":[{"@type":"ListItem","position":1,"name":"Kdy\u017e cht\u011bj\u00ed d\u011bti k prarodi\u010d\u016fm","item":"https:\/\/www.powerit.cz\/kdyz-chteji-deti-k-prarodicum\/#breadcrumbitem"}]}]