[{"@context":"https:\/\/schema.org\/","@type":"Article","@id":"https:\/\/www.powerit.cz\/kdy-kde-a-s-kym-zacit\/#Article","mainEntityOfPage":"https:\/\/www.powerit.cz\/kdy-kde-a-s-kym-zacit\/","headline":"Kdy, kde a s k\u00fdm za\u010d\u00edt","name":"Kdy, kde a s k\u00fdm za\u010d\u00edt","description":"K rozhodnut\u00ed hr\u00e1t fotbal doch\u00e1z\u00ed u d\u011bt\u00ed ve v\u011bt\u0161in\u011b p\u0159\u00edpad\u016f spont\u00e1nn\u011b u\u017e n\u011bkdy v \u0161esti letech. \u010casto se to kryje s n\u00e1stupem do \u0161koly, kdy se za\u010dne rozhodovat, do jak\u00e9ho z\u00e1jmov\u00e9ho krou\u017eku se zapoj\u00ed. Slavn\u00ed fotbalist\u00e9 jsou v d\u011btsk\u00fdch o\u010d\u00edch nejv\u011bt\u0161\u00ed hrdinov\u00e9. A oni se jim cht\u011bj\u00ed vyrovnat. Pokud za v\u00e1mi v\u00e1\u0161 syn \u010di dcerka [&hellip;]","datePublished":"2019-11-01","dateModified":"2023-05-24","author":{"@type":"Person","@id":"https:\/\/www.powerit.cz\/author\/#Person","name":"","url":"https:\/\/www.powerit.cz\/author\/","identifier":1,"image":{"@type":"ImageObject","@id":"https:\/\/secure.gravatar.com\/avatar\/163f6c65c8acab43fa062eaf19866aeb6d6c2adc4d5c2462700a89e6feec77a0?s=96&d=mm&r=g","url":"https:\/\/secure.gravatar.com\/avatar\/163f6c65c8acab43fa062eaf19866aeb6d6c2adc4d5c2462700a89e6feec77a0?s=96&d=mm&r=g","height":96,"width":96}},"publisher":{"@type":"Organization","name":"powerit.cz","logo":{"@type":"ImageObject","@id":"\/logo.png","url":"\/logo.png","width":600,"height":60}},"image":{"@type":"ImageObject","@id":"https:\/\/www.powerit.cz\/wp-content\/uploads\/img_a359439_w3338_t1573382533.jpg","url":"https:\/\/www.powerit.cz\/wp-content\/uploads\/img_a359439_w3338_t1573382533.jpg","height":0,"width":0},"url":"https:\/\/www.powerit.cz\/kdy-kde-a-s-kym-zacit\/","about":["D\u011bti"],"wordCount":433,"articleBody":"K rozhodnut\u00ed hr\u00e1t fotbal doch\u00e1z\u00ed u d\u011bt\u00ed ve v\u011bt\u0161in\u011b p\u0159\u00edpad\u016f spont\u00e1nn\u011b u\u017e n\u011bkdy v \u0161esti letech. \u010casto se to kryje s n\u00e1stupem do \u0161koly, kdy se za\u010dne rozhodovat, do jak\u00e9ho z\u00e1jmov\u00e9ho krou\u017eku se zapoj\u00ed. Slavn\u00ed fotbalist\u00e9 jsou v d\u011btsk\u00fdch o\u010d\u00edch nejv\u011bt\u0161\u00ed hrdinov\u00e9. A oni se jim cht\u011bj\u00ed vyrovnat. Pokud za v\u00e1mi v\u00e1\u0161 syn \u010di dcerka p\u0159ijdou s t\u00edmto p\u0159\u00e1n\u00edm, podpo\u0159te je. Bude v\u00e1s to sice st\u00e1t trochu \u010dasu nav\u00edc, ale ur\u010dit\u011b se to vyplat\u00ed. Prvn\u00ed tr\u00e9ninky b\u00fdvaj\u00ed v odpoledn\u00edch hodin\u00e1ch a na ty prvn\u00ed bude pot\u0159eba v\u00e1\u0161 doprovod.&#13; Alespo\u0148 se p\u0159esv\u011bd\u010d\u00edte, v jak\u00fdch podm\u00ednk\u00e1ch va\u0161e d\u00edtko tr\u00e9nuje. A ur\u010dit\u011b budete mile p\u0159ekvapeni profesionalitou jejich tren\u00e9r\u016f. B\u00fdvaj\u00ed to v\u011bt\u0161inou aktivn\u00ed hr\u00e1\u010di m\u00edstn\u00edho klubu, kte\u0159\u00ed tento sport maj\u00ed r\u00e1di a svoje zku\u0161enosti d\u011btem p\u0159edaj\u00ed. P\u0159ibli\u017en\u011b po p\u016fl roce za\u010dnou va\u0161e ratolesti zvl\u00e1dat i cestu na tr\u00e9nink bu\u010f sami, nebo ve spole\u010dnosti spoluhr\u00e1\u010d\u016f. Tento druh sportu vytv\u00e1\u0159\u00ed mezi d\u011btmi pevn\u00e1 p\u0159\u00e1telstv\u00ed a vy\u017eaduje kolektivn\u00ed spolupr\u00e1ci.&#13; &#13; &#13; Aby je to bavilo&#13; Tr\u00e9ninky mlad\u0161\u00edch i star\u0161\u00edch \u017e\u00e1k\u016f b\u00fdvaj\u00ed fyzicky n\u00e1ro\u010dn\u00e9. Je pot\u0159eba zpev\u0148ovat svalstvo nejen nohou, ale cel\u00e9ho t\u011bla. To se n\u011bkdy mal\u00fdm sportovc\u016fm samoz\u0159ejm\u011b moc nel\u00edb\u00ed. A tehdy je ob\u010das pot\u0159eba sv\u00e9 d\u011bti povzbudit. Proto\u017ee tu plat\u00ed dvojn\u00e1sobn\u011b, \u017ee bez pr\u00e1ce nejsou kol\u00e1\u010de. Asi po roce se situace srovn\u00e1 a d\u011bti si na v\u011bt\u0161\u00ed z\u00e1t\u011b\u017e zvyknou. Motivac\u00ed se jim stanou meziklubov\u00e1 utk\u00e1n\u00ed, ve kter\u00fdch maj\u00ed poprv\u00e9 mo\u017enost porovnat s\u00edly s protivn\u00edkem. A prvn\u00ed vyhran\u00e9 utk\u00e1n\u00ed v\u0161em nahrad\u00ed ob\u010dasn\u00e9 str\u00e1d\u00e1n\u00ed na tr\u00e9ninku. Spole\u010dn\u00e9 v\u00fdjezdy do okoln\u00edch fotbalov\u00fdch klub\u016f kolektiv utu\u017e\u00ed. Velkou p\u00fdchou v\u0161ech mal\u00fdch hr\u00e1\u010d\u016f jsou i jejich prvn\u00ed dresy. S \u010d\u00edsly. To je spojuje se spoluhr\u00e1\u010di a za\u010dnou t\u00e1hnout za jeden provaz. Co\u017e je v\u00fdhrou pro ka\u017ed\u00e9ho tren\u00e9ra. Je to z\u00faro\u010den\u00ed jeho z\u00e1slu\u017en\u00e9 pr\u00e1ce, kdy se z bandy rozj\u00edven\u00fdch d\u011bt\u00ed vytvo\u0159\u00ed dru\u017estvo. Sport se stane sou\u010d\u00e1st\u00ed \u017eivota va\u0161ich d\u011bti. A co v\u00edce si p\u0159\u00e1t?                                                                                                                                                                                                                                                                                                                                                                                        4.4\/5 - (5 votes)        "},{"@context":"https:\/\/schema.org\/","@type":"BreadcrumbList","itemListElement":[{"@type":"ListItem","position":1,"name":"Kdy, kde a s k\u00fdm za\u010d\u00edt","item":"https:\/\/www.powerit.cz\/kdy-kde-a-s-kym-zacit\/#breadcrumbitem"}]}]