{"@context":"https:\/\/schema.org\/","@type":"CollectionPage","@id":"https:\/\/www.powerit.cz\/domov\/#CollectionPage","headline":"Domov Category","description":"","url":"https:\/\/www.powerit.cz\/domov\/","hasPart":[{"@type":"Article","@id":"https:\/\/www.powerit.cz\/co-vse-uvedene-obnasi\/","headline":"Co v\u0161e uveden\u00e9 obn\u00e1\u0161\u00ed?","url":"https:\/\/www.powerit.cz\/co-vse-uvedene-obnasi\/","datePublished":"2023-06-20","dateModified":"2024-05-20","mainEntityOfPage":"https:\/\/www.powerit.cz\/co-vse-uvedene-obnasi\/","author":{"@type":"Person","@id":"https:\/\/www.powerit.cz\/author\/#Person","name":"","url":"https:\/\/www.powerit.cz\/author\/","identifier":1,"image":{"@type":"ImageObject","@id":"https:\/\/secure.gravatar.com\/avatar\/163f6c65c8acab43fa062eaf19866aeb6d6c2adc4d5c2462700a89e6feec77a0?s=96&d=mm&r=g","url":"https:\/\/secure.gravatar.com\/avatar\/163f6c65c8acab43fa062eaf19866aeb6d6c2adc4d5c2462700a89e6feec77a0?s=96&d=mm&r=g","height":96,"width":96}},"publisher":{"@type":"Organization","name":"powerit.cz","logo":{"@type":"ImageObject","@id":"\/logo.png","url":"\/logo.png","width":600,"height":60}},"image":{"@type":"ImageObject","@id":"https:\/\/www.powerit.cz\/wp-content\/uploads\/pras%C3%A1tko%20nese%20p%C5%AFj%C4%8Dku_3.jpg","url":"https:\/\/www.powerit.cz\/wp-content\/uploads\/pras%C3%A1tko%20nese%20p%C5%AFj%C4%8Dku_3.jpg","height":0,"width":0},"keywords":null},{"@type":"Article","@id":"https:\/\/www.powerit.cz\/promente-stare-podkrovi-v-utulny-domov\/","headline":"Prom\u011b\u0148te star\u00e9 podkrov\u00ed v \u00fatuln\u00fd domov","url":"https:\/\/www.powerit.cz\/promente-stare-podkrovi-v-utulny-domov\/","datePublished":"2020-09-06","dateModified":"2023-05-24","mainEntityOfPage":"https:\/\/www.powerit.cz\/promente-stare-podkrovi-v-utulny-domov\/","author":{"@type":"Person","@id":"https:\/\/www.powerit.cz\/author\/#Person","name":"","url":"https:\/\/www.powerit.cz\/author\/","identifier":1,"image":{"@type":"ImageObject","@id":"https:\/\/secure.gravatar.com\/avatar\/163f6c65c8acab43fa062eaf19866aeb6d6c2adc4d5c2462700a89e6feec77a0?s=96&d=mm&r=g","url":"https:\/\/secure.gravatar.com\/avatar\/163f6c65c8acab43fa062eaf19866aeb6d6c2adc4d5c2462700a89e6feec77a0?s=96&d=mm&r=g","height":96,"width":96}},"publisher":{"@type":"Organization","name":"powerit.cz","logo":{"@type":"ImageObject","@id":"\/logo.png","url":"\/logo.png","width":600,"height":60}},"image":{"@type":"ImageObject","@id":"https:\/\/www.powerit.cz\/wp-content\/uploads\/img_a329834_w2726_t1542393434.jpg","url":"https:\/\/www.powerit.cz\/wp-content\/uploads\/img_a329834_w2726_t1542393434.jpg","height":0,"width":0},"keywords":null},{"@type":"Article","@id":"https:\/\/www.powerit.cz\/objevte-kouzlo-rezanych-kvetin\/","headline":"Objevte kouzlo \u0159ezan\u00fdch kv\u011btin","url":"https:\/\/www.powerit.cz\/objevte-kouzlo-rezanych-kvetin\/","datePublished":"2020-09-05","dateModified":"2023-05-24","mainEntityOfPage":"https:\/\/www.powerit.cz\/objevte-kouzlo-rezanych-kvetin\/","author":{"@type":"Person","@id":"https:\/\/www.powerit.cz\/author\/#Person","name":"","url":"https:\/\/www.powerit.cz\/author\/","identifier":1,"image":{"@type":"ImageObject","@id":"https:\/\/secure.gravatar.com\/avatar\/163f6c65c8acab43fa062eaf19866aeb6d6c2adc4d5c2462700a89e6feec77a0?s=96&d=mm&r=g","url":"https:\/\/secure.gravatar.com\/avatar\/163f6c65c8acab43fa062eaf19866aeb6d6c2adc4d5c2462700a89e6feec77a0?s=96&d=mm&r=g","height":96,"width":96}},"publisher":{"@type":"Organization","name":"powerit.cz","logo":{"@type":"ImageObject","@id":"\/logo.png","url":"\/logo.png","width":600,"height":60}},"image":{"@type":"ImageObject","@id":"https:\/\/www.powerit.cz\/wp-content\/uploads\/img_a297552_w2312_t1507982236.jpg","url":"https:\/\/www.powerit.cz\/wp-content\/uploads\/img_a297552_w2312_t1507982236.jpg","height":0,"width":0},"keywords":null},{"@type":"Article","@id":"https:\/\/www.powerit.cz\/nove-mobilni-domy\/","headline":"Nov\u00e9 mobiln\u00ed domy","url":"https:\/\/www.powerit.cz\/nove-mobilni-domy\/","datePublished":"2020-08-10","dateModified":"2023-05-24","mainEntityOfPage":"https:\/\/www.powerit.cz\/nove-mobilni-domy\/","author":{"@type":"Person","@id":"https:\/\/www.powerit.cz\/author\/#Person","name":"","url":"https:\/\/www.powerit.cz\/author\/","identifier":1,"image":{"@type":"ImageObject","@id":"https:\/\/secure.gravatar.com\/avatar\/163f6c65c8acab43fa062eaf19866aeb6d6c2adc4d5c2462700a89e6feec77a0?s=96&d=mm&r=g","url":"https:\/\/secure.gravatar.com\/avatar\/163f6c65c8acab43fa062eaf19866aeb6d6c2adc4d5c2462700a89e6feec77a0?s=96&d=mm&r=g","height":96,"width":96}},"publisher":{"@type":"Organization","name":"powerit.cz","logo":{"@type":"ImageObject","@id":"\/logo.png","url":"\/logo.png","width":600,"height":60}},"image":{"@type":"ImageObject","@id":"https:\/\/www.powerit.cz\/wp-content\/uploads\/bydlen%C3%AD%20a%20z%C3%A1pad%20slunce.png","url":"https:\/\/www.powerit.cz\/wp-content\/uploads\/bydlen%C3%AD%20a%20z%C3%A1pad%20slunce.png","height":0,"width":0},"keywords":null}]}