[{"@context":"https:\/\/schema.org\/","@type":"Article","@id":"https:\/\/www.powerit.cz\/cviky-ktere-vam-zmeni-zivot\/#Article","mainEntityOfPage":"https:\/\/www.powerit.cz\/cviky-ktere-vam-zmeni-zivot\/","headline":"Cviky, kter\u00e9 v\u00e1m zm\u011bn\u00ed \u017eivot","name":"Cviky, kter\u00e9 v\u00e1m zm\u011bn\u00ed \u017eivot","description":"Nikdy bych ne\u010dekala, \u017ee n\u011bco jako \u201ek\u0159iv\u00e1 p\u00e1te\u0159\u201c mi tolik ovlivn\u00ed ka\u017edodenn\u00ed \u017eivot. Skoli\u00f3zu mi zjistili u\u017e v pubert\u011b, ale tehdy jsem tomu moc pozornosti nev\u011bnovala. Ne \u017ee by mi to bylo jedno, ale nec\u00edtila jsem \u017e\u00e1dnou v\u011bt\u0161\u00ed bolest, tak jsem to prost\u011b ne\u0159e\u0161ila. Jen\u017ee roky plynuly a najednou jsem za\u010dala m\u00edt probl\u00e9my \u2013 bolesti [&hellip;]","datePublished":"2025-07-11","dateModified":"2025-07-11","author":{"@type":"Person","@id":"https:\/\/www.powerit.cz\/author\/#Person","name":"","url":"https:\/\/www.powerit.cz\/author\/","identifier":1,"image":{"@type":"ImageObject","@id":"https:\/\/secure.gravatar.com\/avatar\/163f6c65c8acab43fa062eaf19866aeb6d6c2adc4d5c2462700a89e6feec77a0?s=96&d=mm&r=g","url":"https:\/\/secure.gravatar.com\/avatar\/163f6c65c8acab43fa062eaf19866aeb6d6c2adc4d5c2462700a89e6feec77a0?s=96&d=mm&r=g","height":96,"width":96}},"publisher":{"@type":"Organization","name":"powerit.cz","logo":{"@type":"ImageObject","@id":"\/logo.png","url":"\/logo.png","width":600,"height":60}},"image":{"@type":"ImageObject","@id":"https:\/\/www.powerit.cz\/wp-content\/uploads\/weight-loss-1207556_640.jpg","url":"https:\/\/www.powerit.cz\/wp-content\/uploads\/weight-loss-1207556_640.jpg","height":0,"width":0},"url":"https:\/\/www.powerit.cz\/cviky-ktere-vam-zmeni-zivot\/","about":["Zbo\u017e\u00ed"],"wordCount":478,"articleBody":"        Nikdy bych ne\u010dekala, \u017ee n\u011bco jako \u201ek\u0159iv\u00e1 p\u00e1te\u0159\u201c mi tolik ovlivn\u00ed ka\u017edodenn\u00ed \u017eivot. Skoli\u00f3zu mi zjistili u\u017e v pubert\u011b, ale tehdy jsem tomu moc pozornosti nev\u011bnovala. Ne \u017ee by mi to bylo jedno, ale nec\u00edtila jsem \u017e\u00e1dnou v\u011bt\u0161\u00ed bolest, tak jsem to prost\u011b ne\u0159e\u0161ila. Jen\u017ee roky plynuly a najednou jsem za\u010dala m\u00edt probl\u00e9my \u2013 bolesti zad, \u00fanava, nap\u011bt\u00ed v lopatk\u00e1ch, a dokonce i migr\u00e9ny. V tu chv\u00edli jsem si \u0159ekla, \u017ee s t\u00edm u\u017e mus\u00edm n\u011bco ud\u011blat. Nejd\u0159\u00edv jsem zkusila r\u016fzn\u00e1 cvi\u010den\u00ed z YouTube a Instagramu. N\u011bco mi pomohlo, n\u011bco ne, ale chyb\u011bl tomu n\u011bjak\u00fd smyslupln\u00fd pl\u00e1n. A hlavn\u011b \u2013 nev\u011bd\u011bla jsem, kter\u00e9 cviky jsou opravdu vhodn\u00e9 p\u0159\u00edmo na skoli\u00f3zu.Tak jsem se rozhodla obr\u00e1tit na fyzioterapeutku, kter\u00e1 se na skoli\u00f3zu p\u00e1te\u0159e a cviky specializuje. A up\u0159\u00edmn\u011b \u2013 byl to nejlep\u0161\u00ed krok, jak\u00fd jsem mohla ud\u011blat. Uk\u00e1zala mi jednoduch\u00e9, ale \u00fa\u010dinn\u00e9 cviky, kter\u00e9 se daj\u00ed d\u011blat doma a nezaberou v\u00edc ne\u017e 15\u201320 minut denn\u011b. \u017d\u00e1dn\u00e9 slo\u017eit\u00e9 p\u0159\u00edstroje, \u017e\u00e1dn\u00e9 bolestiv\u00e9 polohy. Jen vlastn\u00ed t\u011blo, trochu podlo\u017eky a hlavn\u011b trp\u011blivost. Cvi\u010den\u00ed bylo zam\u011b\u0159en\u00e9 na prota\u017een\u00ed zkr\u00e1cen\u00fdch sval\u016f, pos\u00edlen\u00ed t\u011bch slab\u0161\u00edch a celkov\u00e9 srovn\u00e1n\u00ed t\u011bla. A i kdy\u017e to zn\u00ed jednodu\u0161e, b\u011bhem prvn\u00edch dn\u016f jsem c\u00edtila  http:\/\/www.karaoketexty.cz\/texty-pisni\/janu-petra\/a-pak-ze-je-to-hrich-369894 svaly, o kter\u00fdch jsem ani nev\u011bd\u011bla, \u017ee je m\u00e1m.Po p\u00e1r t\u00fddnech se za\u010daly d\u00edt mal\u00e9 z\u00e1zraky \u2013 z\u00e1da bolela m\u00e9n\u011b, postoj se zlep\u0161il, c\u00edtila jsem se rovn\u011bj\u0161\u00ed a celkov\u011b v\u00edc \u201eve sv\u00e9m t\u011ble\u201c. A co je d\u016fle\u017eit\u00e9 \u2013 za\u010dala jsem si v\u00edc v\u0161\u00edmat, jak sed\u00edm, jak stoj\u00edm, jak se h\u00fdbu. \u010clov\u011bk si neuv\u011bdom\u00ed, kolik drobn\u00fdch v\u011bc\u00ed d\u011bl\u00e1 \u0161patn\u011b, dokud mu to n\u011bkdo neuk\u00e1\u017ee. Dneska u\u017e cvi\u010d\u00edm skoro ka\u017ed\u00fd den, n\u011bkdy v\u00edc, n\u011bkdy m\u00ed\u0148 \u2013 podle toho, kolik m\u00e1m \u010dasu. Ale to hlavn\u00ed je, \u017ee u\u017e v\u00edm, co m\u00e9mu t\u011blu d\u011bl\u00e1 dob\u0159e. A kdykoliv c\u00edt\u00edm, \u017ee se mi z\u00e1da \u201eoz\u00fdvaj\u00ed\u201c, v\u00edm p\u0159esn\u011b, jak si ulevit. Pokud m\u00e1te skoli\u00f3zu nebo prost\u011b jen bolav\u00e1 z\u00e1da, opravdu doporu\u010duju naj\u00edt si cviky p\u0159\u00edmo na m\u00edru \u2013 ide\u00e1ln\u011b s n\u011bk\u00fdm, kdo tomu rozum\u00ed. Nen\u00ed to o tom cvi\u010dit hodinu denn\u011b a tr\u00e1pit se. Sta\u010d\u00ed pravidelnost, spr\u00e1vn\u00e1 technika a trocha v\u016fle. V\u00fdsledky se dostav\u00ed d\u0159\u00edv, ne\u017e byste \u010dekali. J\u00e1 jsem d\u016fkaz.                                                                                                                                                                                                                                                                                                                                                                                           4.5\/5 - (4 votes)        "},{"@context":"https:\/\/schema.org\/","@type":"BreadcrumbList","itemListElement":[{"@type":"ListItem","position":1,"name":"Cviky, kter\u00e9 v\u00e1m zm\u011bn\u00ed \u017eivot","item":"https:\/\/www.powerit.cz\/cviky-ktere-vam-zmeni-zivot\/#breadcrumbitem"}]}]