[{"@context":"https:\/\/schema.org\/","@type":"Article","@id":"https:\/\/www.powerit.cz\/cas-od-casu-musite-udelat-zmenu\/#Article","mainEntityOfPage":"https:\/\/www.powerit.cz\/cas-od-casu-musite-udelat-zmenu\/","headline":"\u010cas od \u010dasu mus\u00edte ud\u011blat zm\u011bnu","name":"\u010cas od \u010dasu mus\u00edte ud\u011blat zm\u011bnu","description":"Masiv, d\u00fdha, lak nebo folie &#8211; mluv\u00edme o interi\u00e9rov\u00fdch dve\u0159\u00edch, kter\u00e9 u n\u00e1s m\u016f\u017eete zakoupit. Nab\u00edz\u00edme v\u00e1m nejvy\u0161\u0161\u00ed kvalitu, nab\u00edz\u00edme v\u00e1m skv\u011bl\u00e9 ceny a dobr\u00e9 rady zadarmo. Bude pro n\u00e1s ct\u00ed, pokud se rozhodnete nakoupit u n\u00e1s. Zm\u011bny jsou \u017eivot Interi\u00e9rov\u00e9 dve\u0159e jsou velice d\u016fle\u017eit\u00e9. Je nezbytn\u00e9, aby bylo p\u0159i v\u00fdb\u011bru my\u0161leno tak\u00e9 na barvu [&hellip;]","datePublished":"2025-03-04","dateModified":"2025-03-04","author":{"@type":"Person","@id":"https:\/\/www.powerit.cz\/author\/#Person","name":"","url":"https:\/\/www.powerit.cz\/author\/","identifier":1,"image":{"@type":"ImageObject","@id":"https:\/\/secure.gravatar.com\/avatar\/163f6c65c8acab43fa062eaf19866aeb6d6c2adc4d5c2462700a89e6feec77a0?s=96&d=mm&r=g","url":"https:\/\/secure.gravatar.com\/avatar\/163f6c65c8acab43fa062eaf19866aeb6d6c2adc4d5c2462700a89e6feec77a0?s=96&d=mm&r=g","height":96,"width":96}},"publisher":{"@type":"Organization","name":"powerit.cz","logo":{"@type":"ImageObject","@id":"\/logo.png","url":"\/logo.png","width":600,"height":60}},"url":"https:\/\/www.powerit.cz\/cas-od-casu-musite-udelat-zmenu\/","wordCount":175,"articleBody":"Masiv, d\u00fdha, lak nebo folie &#8211; mluv\u00edme o interi\u00e9rov\u00fdch dve\u0159\u00edch, kter\u00e9 u n\u00e1s m\u016f\u017eete zakoupit. Nab\u00edz\u00edme v\u00e1m nejvy\u0161\u0161\u00ed kvalitu, nab\u00edz\u00edme v\u00e1m skv\u011bl\u00e9 ceny a dobr\u00e9 rady zadarmo. Bude pro n\u00e1s ct\u00ed, pokud se rozhodnete nakoupit u n\u00e1s.Zm\u011bny jsou \u017eivotInteri\u00e9rov\u00e9 dve\u0159e jsou velice d\u016fle\u017eit\u00e9. Je nezbytn\u00e9, aby bylo p\u0159i v\u00fdb\u011bru my\u0161leno tak\u00e9 na barvu podlahy, n\u00e1bytku a dokonce i oken a to tak, aby spolu v\u0161e p\u0159\u00edjemn\u011b ladilo. Pokud si nejste jisti, zeptejte se na\u0161ich prodejc\u016f, daj\u00ed v\u00e1m r\u00e1di profesion\u00e1ln\u00ed rady, ale i sv\u016fj osobn\u00ed n\u00e1zor &#8211; pokud je to po\u017e\u00e1d\u00e1te. Jsme tu pro v\u00e1s a v\u00e1\u0161 p\u0159\u00edjemn\u00fd n\u00e1kup bez obav. Va\u0161e spokojenost je pro n\u00e1s velice d\u016fle\u017eit\u00e1, proto\u017ee v\u011b\u0159\u00edme, \u017ee n\u00e1s pak d\u00e1le doporu\u010d\u00edte i sv\u00fdm p\u0159\u00e1tel\u016fm, kte\u0159\u00ed budou v budoucnu nakupovat stejn\u00e9 zbo\u017e\u00ed.                                                                                                                                                                                                                                                                                                                                                                                                "},{"@context":"https:\/\/schema.org\/","@type":"BreadcrumbList","itemListElement":[{"@type":"ListItem","position":1,"name":"\u010cas od \u010dasu mus\u00edte ud\u011blat zm\u011bnu","item":"https:\/\/www.powerit.cz\/cas-od-casu-musite-udelat-zmenu\/#breadcrumbitem"}]}]